{"id":1628,"date":"2017-12-01T14:33:47","date_gmt":"2017-12-01T13:33:47","guid":{"rendered":"http:\/\/fasada.eu\/?p=1628"},"modified":"2017-12-01T14:33:47","modified_gmt":"2017-12-01T13:33:47","slug":"system-gealan-kubus","status":"publish","type":"post","link":"https:\/\/fasada.eu\/en\/system-gealan-kubus\/","title":{"rendered":"System Gealan Kubus"},"content":{"rendered":"<h2>SYSTEM GEALAN KUBUS<\/h2>\n<h3>Innowacyjny system okienny Gealan Kubus daje wiele mo\u017cliwo\u015bci konstrukcyjnych, doskonale wpisuj\u0105c si\u0119 w trendy architektury transparentnej.<\/h3>\n<p>Dzi\u0119ki du\u017cym przeszkleniom system do\u015bwietla pomieszczenia, tworz\u0105c od wewn\u0105trz jedn\u0105 i sp\u00f3jn\u0105 p\u0142aszczyzn\u0119. Wyra\u017ane kontury przylgi, widoczne od strony zewn\u0119trznej, nadaj\u0105 systemowi nowoczesnego charakteru.<\/p>\n<div id=\"gallery-custom_grid-1\" class=\"gallery-custom-inline-25 galleryid-1628\"><div class=\"gallery-row\"><div class=\"gallery-thumbnail size-gallery_box_25\"><a href=\"https:\/\/fasada.eu\/wp-content\/uploads\/2017\/03\/kubus_prospekt_1_767.jpg\" target=\"_blank\" data-gallery=\"gallery-custom_grid-1\" title=\"\"><img src=\"https:\/\/fasada.eu\/wp-content\/uploads\/2017\/03\/kubus_prospekt_1_767-320x320.jpg\" alt=\"Kubus_prospekt_1\" \/><\/a><\/div><\/div><div class=\"gallery-row\"><div class=\"gallery-thumbnail size-gallery_box_25\"><a href=\"https:\/\/fasada.eu\/wp-content\/uploads\/2017\/03\/kubus_prospekt_2_217.jpg\" target=\"_blank\" data-gallery=\"gallery-custom_grid-1\" title=\"\"><img src=\"https:\/\/fasada.eu\/wp-content\/uploads\/2017\/03\/kubus_prospekt_2_217-320x320.jpg\" alt=\"Kubus_prospekt_2\" \/><\/a><\/div><\/div><div class=\"gallery-row\"><div class=\"gallery-thumbnail size-gallery_box_25\"><a href=\"https:\/\/fasada.eu\/wp-content\/uploads\/2017\/03\/kubus_prospekt_3_606.jpg\" target=\"_blank\" data-gallery=\"gallery-custom_grid-1\" title=\"\"><img src=\"https:\/\/fasada.eu\/wp-content\/uploads\/2017\/03\/kubus_prospekt_3_606-320x320.jpg\" alt=\"Kubus_prospekt_3\" \/><\/a><\/div><\/div><div class=\"gallery-row\"><div class=\"gallery-thumbnail size-gallery_box_25\"><a href=\"https:\/\/fasada.eu\/wp-content\/uploads\/2017\/03\/kubus_prospekt_4_673.jpg\" target=\"_blank\" data-gallery=\"gallery-custom_grid-1\" title=\"\"><img src=\"https:\/\/fasada.eu\/wp-content\/uploads\/2017\/03\/kubus_prospekt_4_673-320x320.jpg\" alt=\"Kubus_prospekt_4\" \/><\/a><\/div><\/div><\/div>\n<h3>Gealan Kubus \u2013 szerokie mo\u017cliwo\u015bci w projektowaniu wn\u0119trz<\/h3>\n<p>Wymiar systemu wynosi 100 mm. Kombinacja ramy ze skrzyd\u0142em i z\u0142o\u017cenie ze s\u0142upkiem ruchomym posiadaj\u0105 jednakow\u0105 szeroko\u015b\u0107 100 mm, dzi\u0119ki czemu okna o r\u00f3\u017cnych funkcjach od zewn\u0105trz wygl\u0105daj\u0105 tak samo. Pozwala to uzyska\u0107 sp\u00f3jny i estetyczny efekt wizualny.<\/p>\n<p>Delikatne kontury ram i ca\u0142kowity brak uszczelki w ramie u\u0142atwiaj\u0105 codzienn\u0105 piel\u0119gnacj\u0119 okien w systemie Gealan Kubus. Dok\u0142adnie zaprojektowany uskok w ramie tworzy bardzo dobre uszczelnienie \u015brodkowe, gwarantuj\u0105c doskona\u0142e parametry termoizolacyjne.<\/p>\n<p>System Gealan Kubus oferowany jest z powierzchni\u0105 acrycolor, w palecie 9 kolor\u00f3w. Cz\u0119\u015bci wewn\u0119trzne systemu mo\u017cna wyka\u0144cza\u0107 okleinami dost\u0119pnymi w palecie Gealan.<\/p>\n<div id=\"gallery-custom_grid-2\" class=\"gallery-custom-inline-25 galleryid-1628\"><div class=\"gallery-row\"><div class=\"gallery-thumbnail size-gallery_box_25\"><a href=\"https:\/\/fasada.eu\/wp-content\/uploads\/2017\/03\/kubus_przekroj_1_118.jpg\" target=\"_blank\" data-gallery=\"gallery-custom_grid-2\" title=\"\"><img src=\"https:\/\/fasada.eu\/wp-content\/uploads\/2017\/03\/kubus_przekroj_1_118-320x320.jpg\" alt=\"Kubus_przekroj_1\" \/><\/a><\/div><\/div><div class=\"gallery-row\"><div class=\"gallery-thumbnail size-gallery_box_25\"><a href=\"https:\/\/fasada.eu\/wp-content\/uploads\/2017\/03\/kubus_przekroj_2_456.jpg\" target=\"_blank\" data-gallery=\"gallery-custom_grid-2\" title=\"\"><img src=\"https:\/\/fasada.eu\/wp-content\/uploads\/2017\/03\/kubus_przekroj_2_456-320x320.jpg\" alt=\"Kubus_przekroj_2\" \/><\/a><\/div><\/div><div class=\"gallery-row\"><div class=\"gallery-thumbnail size-gallery_box_25\"><a href=\"https:\/\/fasada.eu\/wp-content\/uploads\/2017\/03\/kubus_szerokosc_100mm_545.jpg\" target=\"_blank\" data-gallery=\"gallery-custom_grid-2\" title=\"\"><img src=\"https:\/\/fasada.eu\/wp-content\/uploads\/2017\/03\/kubus_szerokosc_100mm_545-320x200.jpg\" alt=\"Kubus_szerokosc_100mm\" \/><\/a><\/div><\/div><div class=\"gallery-row\"><div class=\"gallery-thumbnail size-gallery_box_25\"><a href=\"https:\/\/fasada.eu\/wp-content\/uploads\/2017\/03\/kubus_warianty_montazu_325.jpg\" target=\"_blank\" data-gallery=\"gallery-custom_grid-2\" title=\"\"><img src=\"https:\/\/fasada.eu\/wp-content\/uploads\/2017\/03\/kubus_warianty_montazu_325-320x300.jpg\" alt=\"Kubus_warianty_montazu\" \/><\/a><\/div><\/div><\/div>\n<p>&nbsp;<\/p>\n<h3>Dlaczego warto?<\/h3>\n<ul>\n<li>brak listew przyszybowych<\/li>\n<li>100 mm &#8211; taka sama szeroko\u015b\u0107 dla kombinacji ramy ze skrzyd\u0142em oraz dla z\u0142o\u017cenia ze s\u0142upkiem ruchomym<\/li>\n<li>zlicowany widok od wewn\u0105trz<\/li>\n<li>wyra\u017ane kontury ram<\/li>\n<li>mo\u017cliwo\u015b\u0107 stosowania wielu profili i akcesori\u00f3w platformy systemowej S 9000 o g\u0142\u0119boko\u015bci zabudowy 82,5mm.<\/li>\n<\/ul>\n<h3>Dokumentacja<\/h3>\n<div class=\"attachments_wrap \"><ul class=\"attachments\">\n<li class=\"attachment image jpg has-download\"><a download href=\"https:\/\/fasada.eu\/wp-content\/uploads\/2017\/03\/kubus_karta_techniczna_1_874.jpg\"><span class=\"attachment_ico\"><\/span><span class=\"title\">Kubus_karta_techniczna_1<\/span><span class=\"extension\">105 KB<\/span><span class=\"size\">jpg<\/span><span class=\"download\"><span class=\"button blue\">Download file<\/span><\/span><\/a><\/li>\n<li class=\"attachment image jpg has-download\"><a download href=\"https:\/\/fasada.eu\/wp-content\/uploads\/2017\/03\/kubus_karta_techniczna_2_812.jpg\"><span class=\"attachment_ico\"><\/span><span class=\"title\">Kubus_karta_techniczna_2<\/span><span class=\"extension\">85 KB<\/span><span class=\"size\">jpg<\/span><span class=\"download\"><span class=\"button blue\">Download file<\/span><\/span><\/a><\/li>\n<li class=\"attachment image jpg has-download\"><a download href=\"https:\/\/fasada.eu\/wp-content\/uploads\/2017\/03\/kubus_karta_techniczna_3_998.jpg\"><span class=\"attachment_ico\"><\/span><span class=\"title\">Kubus_karta_techniczna_3<\/span><span class=\"extension\">100 KB<\/span><span class=\"size\">jpg<\/span><span class=\"download\"><span class=\"button blue\">Download file<\/span><\/span><\/a><\/li>\n<li class=\"attachment application pdf has-download\"><a download href=\"https:\/\/fasada.eu\/wp-content\/uploads\/2017\/03\/16-002300-pr13-pb-a01-06-de-01_deckblatt-kubus-passivhaus_320.pdf\"><span class=\"attachment_ico\"><\/span><span class=\"title\">16-002300-pr13-pb-a01-06-de-01_deckblatt-kubus-passivhaus<\/span><span class=\"extension\">1,016 KB<\/span><span class=\"size\">pdf<\/span><span class=\"download\"><span class=\"button blue\">Download file<\/span><\/span><\/a><\/li>\n<li class=\"attachment application pdf has-download\"><a download href=\"https:\/\/fasada.eu\/wp-content\/uploads\/2017\/03\/16-004321-pr05-pb-k20-06-de-01-uf_0-96_5060-8727_5061-5760_48mm_deckblatt_409.pdf\"><span class=\"attachment_ico\"><\/span><span class=\"title\">16-004321-pr05-pb-k20-06-de-01-uf_0.96_5060-8727_5061-5760_48mm_deckblatt<\/span><span class=\"extension\">342 KB<\/span><span class=\"size\">pdf<\/span><span class=\"download\"><span class=\"button blue\">Download file<\/span><\/span><\/a><\/li>\n<li class=\"attachment application pdf has-download\"><a download href=\"https:\/\/fasada.eu\/wp-content\/uploads\/2017\/03\/vorderseite_prufbericht_kubus_hotbox_700.pdf\"><span class=\"attachment_ico\"><\/span><span class=\"title\">vorderseite_prufbericht_kubus_hotbox<\/span><span class=\"extension\">695 KB<\/span><span class=\"size\">pdf<\/span><span class=\"download\"><span class=\"button blue\">Download file<\/span><\/span><\/a><\/li>\n<\/ul><\/div>\n","protected":false},"excerpt":{"rendered":"<p>SYSTEM GEALAN KUBUS Innowacyjny system okienny Gealan Kubus daje wiele mo\u017cliwo\u015bci konstrukcyjnych, doskonale wpisuj\u0105c si\u0119 w trendy architektury transparentnej. Dzi\u0119ki du\u017cym przeszkleniom system do\u015bwietla pomieszczenia, tworz\u0105c od wewn\u0105trz jedn\u0105 i sp\u00f3jn\u0105 p\u0142aszczyzn\u0119. Wyra\u017ane kontury przylgi, widoczne od strony zewn\u0119trznej, nadaj\u0105 systemowi nowoczesnego charakteru. Gealan Kubus \u2013 szerokie mo\u017cliwo\u015bci w projektowaniu wn\u0119trz Wymiar systemu wynosi 100&#8230;<\/p>\n","protected":false},"author":1,"featured_media":537,"comment_status":"closed","ping_status":"closed","sticky":false,"template":"","format":"standard","meta":{"inline_featured_image":false,"footnotes":""},"categories":[2],"tags":[],"yoast_head":"<!-- This site is optimized with the Yoast SEO plugin v21.3 - https:\/\/yoast.com\/wordpress\/plugins\/seo\/ -->\n<title>System Gealan Kubus - Fasada<\/title>\n<meta name=\"robots\" content=\"index, follow, max-snippet:-1, max-image-preview:large, max-video-preview:-1\" \/>\n<link rel=\"canonical\" href=\"https:\/\/fasada.eu\/en\/system-gealan-kubus\/\" \/>\n<meta property=\"og:locale\" content=\"en_US\" \/>\n<meta property=\"og:type\" content=\"article\" \/>\n<meta property=\"og:title\" content=\"System Gealan Kubus - Fasada\" \/>\n<meta property=\"og:description\" content=\"SYSTEM GEALAN KUBUS Innowacyjny system okienny Gealan Kubus daje wiele mo\u017cliwo\u015bci konstrukcyjnych, doskonale wpisuj\u0105c si\u0119 w trendy architektury transparentnej. Dzi\u0119ki du\u017cym przeszkleniom system do\u015bwietla pomieszczenia, tworz\u0105c od wewn\u0105trz jedn\u0105 i sp\u00f3jn\u0105 p\u0142aszczyzn\u0119. Wyra\u017ane kontury przylgi, widoczne od strony zewn\u0119trznej, nadaj\u0105 systemowi nowoczesnego charakteru. Gealan Kubus \u2013 szerokie mo\u017cliwo\u015bci w projektowaniu wn\u0119trz Wymiar systemu wynosi 100...\" \/>\n<meta property=\"og:url\" content=\"https:\/\/fasada.eu\/en\/system-gealan-kubus\/\" \/>\n<meta property=\"og:site_name\" content=\"Fasada\" \/>\n<meta property=\"article:published_time\" content=\"2017-12-01T13:33:47+00:00\" \/>\n<meta property=\"og:image\" content=\"https:\/\/fasada.eu\/wp-content\/uploads\/2017\/03\/news-foto2_770.jpg\" \/>\n\t<meta property=\"og:image:width\" content=\"600\" \/>\n\t<meta property=\"og:image:height\" content=\"535\" \/>\n\t<meta property=\"og:image:type\" content=\"image\/jpeg\" \/>\n<meta name=\"author\" content=\"webidea\" \/>\n<meta name=\"twitter:card\" content=\"summary_large_image\" \/>\n<meta name=\"twitter:label1\" content=\"Written by\" \/>\n\t<meta name=\"twitter:data1\" content=\"webidea\" \/>\n\t<meta name=\"twitter:label2\" content=\"Est. reading time\" \/>\n\t<meta name=\"twitter:data2\" content=\"1 minute\" \/>\n<script type=\"application\/ld+json\" class=\"yoast-schema-graph\">{\"@context\":\"https:\/\/schema.org\",\"@graph\":[{\"@type\":\"WebPage\",\"@id\":\"https:\/\/fasada.eu\/en\/system-gealan-kubus\/\",\"url\":\"https:\/\/fasada.eu\/en\/system-gealan-kubus\/\",\"name\":\"System Gealan Kubus - Fasada\",\"isPartOf\":{\"@id\":\"https:\/\/fasada.eu\/en\/#website\"},\"datePublished\":\"2017-12-01T13:33:47+00:00\",\"dateModified\":\"2017-12-01T13:33:47+00:00\",\"author\":{\"@id\":\"https:\/\/fasada.eu\/en\/#\/schema\/person\/a175adc83a450740d913adcf3a94f661\"},\"breadcrumb\":{\"@id\":\"https:\/\/fasada.eu\/en\/system-gealan-kubus\/#breadcrumb\"},\"inLanguage\":\"en-US\",\"potentialAction\":[{\"@type\":\"ReadAction\",\"target\":[\"https:\/\/fasada.eu\/en\/system-gealan-kubus\/\"]}]},{\"@type\":\"BreadcrumbList\",\"@id\":\"https:\/\/fasada.eu\/en\/system-gealan-kubus\/#breadcrumb\",\"itemListElement\":[{\"@type\":\"ListItem\",\"position\":1,\"name\":\"Home\",\"item\":\"https:\/\/fasada.eu\/en\/\"},{\"@type\":\"ListItem\",\"position\":2,\"name\":\"System Gealan Kubus\"}]},{\"@type\":\"WebSite\",\"@id\":\"https:\/\/fasada.eu\/en\/#website\",\"url\":\"https:\/\/fasada.eu\/en\/\",\"name\":\"Fasada\",\"description\":\"wizytowka Fasada Windows&amp;Doors\",\"potentialAction\":[{\"@type\":\"SearchAction\",\"target\":{\"@type\":\"EntryPoint\",\"urlTemplate\":\"https:\/\/fasada.eu\/en\/?s={search_term_string}\"},\"query-input\":\"required name=search_term_string\"}],\"inLanguage\":\"en-US\"},{\"@type\":\"Person\",\"@id\":\"https:\/\/fasada.eu\/en\/#\/schema\/person\/a175adc83a450740d913adcf3a94f661\",\"name\":\"webidea\",\"image\":{\"@type\":\"ImageObject\",\"inLanguage\":\"en-US\",\"@id\":\"https:\/\/fasada.eu\/en\/#\/schema\/person\/image\/\",\"url\":\"https:\/\/secure.gravatar.com\/avatar\/b0767d7e9f4dfab984a9f57b5fbe0c31?s=96&d=mm&r=g\",\"contentUrl\":\"https:\/\/secure.gravatar.com\/avatar\/b0767d7e9f4dfab984a9f57b5fbe0c31?s=96&d=mm&r=g\",\"caption\":\"webidea\"},\"url\":\"https:\/\/fasada.eu\/en\/author\/webidea\/\"}]}<\/script>\n<!-- \/ Yoast SEO plugin. -->","yoast_head_json":{"title":"System Gealan Kubus - Fasada","robots":{"index":"index","follow":"follow","max-snippet":"max-snippet:-1","max-image-preview":"max-image-preview:large","max-video-preview":"max-video-preview:-1"},"canonical":"https:\/\/fasada.eu\/en\/system-gealan-kubus\/","og_locale":"en_US","og_type":"article","og_title":"System Gealan Kubus - Fasada","og_description":"SYSTEM GEALAN KUBUS Innowacyjny system okienny Gealan Kubus daje wiele mo\u017cliwo\u015bci konstrukcyjnych, doskonale wpisuj\u0105c si\u0119 w trendy architektury transparentnej. Dzi\u0119ki du\u017cym przeszkleniom system do\u015bwietla pomieszczenia, tworz\u0105c od wewn\u0105trz jedn\u0105 i sp\u00f3jn\u0105 p\u0142aszczyzn\u0119. Wyra\u017ane kontury przylgi, widoczne od strony zewn\u0119trznej, nadaj\u0105 systemowi nowoczesnego charakteru. Gealan Kubus \u2013 szerokie mo\u017cliwo\u015bci w projektowaniu wn\u0119trz Wymiar systemu wynosi 100...","og_url":"https:\/\/fasada.eu\/en\/system-gealan-kubus\/","og_site_name":"Fasada","article_published_time":"2017-12-01T13:33:47+00:00","og_image":[{"width":600,"height":535,"url":"https:\/\/fasada.eu\/wp-content\/uploads\/2017\/03\/news-foto2_770.jpg","type":"image\/jpeg"}],"author":"webidea","twitter_card":"summary_large_image","twitter_misc":{"Written by":"webidea","Est. reading time":"1 minute"},"schema":{"@context":"https:\/\/schema.org","@graph":[{"@type":"WebPage","@id":"https:\/\/fasada.eu\/en\/system-gealan-kubus\/","url":"https:\/\/fasada.eu\/en\/system-gealan-kubus\/","name":"System Gealan Kubus - Fasada","isPartOf":{"@id":"https:\/\/fasada.eu\/en\/#website"},"datePublished":"2017-12-01T13:33:47+00:00","dateModified":"2017-12-01T13:33:47+00:00","author":{"@id":"https:\/\/fasada.eu\/en\/#\/schema\/person\/a175adc83a450740d913adcf3a94f661"},"breadcrumb":{"@id":"https:\/\/fasada.eu\/en\/system-gealan-kubus\/#breadcrumb"},"inLanguage":"en-US","potentialAction":[{"@type":"ReadAction","target":["https:\/\/fasada.eu\/en\/system-gealan-kubus\/"]}]},{"@type":"BreadcrumbList","@id":"https:\/\/fasada.eu\/en\/system-gealan-kubus\/#breadcrumb","itemListElement":[{"@type":"ListItem","position":1,"name":"Home","item":"https:\/\/fasada.eu\/en\/"},{"@type":"ListItem","position":2,"name":"System Gealan Kubus"}]},{"@type":"WebSite","@id":"https:\/\/fasada.eu\/en\/#website","url":"https:\/\/fasada.eu\/en\/","name":"Fasada","description":"wizytowka Fasada Windows&amp;Doors","potentialAction":[{"@type":"SearchAction","target":{"@type":"EntryPoint","urlTemplate":"https:\/\/fasada.eu\/en\/?s={search_term_string}"},"query-input":"required name=search_term_string"}],"inLanguage":"en-US"},{"@type":"Person","@id":"https:\/\/fasada.eu\/en\/#\/schema\/person\/a175adc83a450740d913adcf3a94f661","name":"webidea","image":{"@type":"ImageObject","inLanguage":"en-US","@id":"https:\/\/fasada.eu\/en\/#\/schema\/person\/image\/","url":"https:\/\/secure.gravatar.com\/avatar\/b0767d7e9f4dfab984a9f57b5fbe0c31?s=96&d=mm&r=g","contentUrl":"https:\/\/secure.gravatar.com\/avatar\/b0767d7e9f4dfab984a9f57b5fbe0c31?s=96&d=mm&r=g","caption":"webidea"},"url":"https:\/\/fasada.eu\/en\/author\/webidea\/"}]}},"_links":{"self":[{"href":"https:\/\/fasada.eu\/en\/wp-json\/wp\/v2\/posts\/1628"}],"collection":[{"href":"https:\/\/fasada.eu\/en\/wp-json\/wp\/v2\/posts"}],"about":[{"href":"https:\/\/fasada.eu\/en\/wp-json\/wp\/v2\/types\/post"}],"author":[{"embeddable":true,"href":"https:\/\/fasada.eu\/en\/wp-json\/wp\/v2\/users\/1"}],"replies":[{"embeddable":true,"href":"https:\/\/fasada.eu\/en\/wp-json\/wp\/v2\/comments?post=1628"}],"version-history":[{"count":1,"href":"https:\/\/fasada.eu\/en\/wp-json\/wp\/v2\/posts\/1628\/revisions"}],"predecessor-version":[{"id":1629,"href":"https:\/\/fasada.eu\/en\/wp-json\/wp\/v2\/posts\/1628\/revisions\/1629"}],"wp:featuredmedia":[{"embeddable":true,"href":"https:\/\/fasada.eu\/en\/wp-json\/wp\/v2\/media\/537"}],"wp:attachment":[{"href":"https:\/\/fasada.eu\/en\/wp-json\/wp\/v2\/media?parent=1628"}],"wp:term":[{"taxonomy":"category","embeddable":true,"href":"https:\/\/fasada.eu\/en\/wp-json\/wp\/v2\/categories?post=1628"},{"taxonomy":"post_tag","embeddable":true,"href":"https:\/\/fasada.eu\/en\/wp-json\/wp\/v2\/tags?post=1628"}],"curies":[{"name":"wp","href":"https:\/\/api.w.org\/{rel}","templated":true}]}}