{"id":2547,"date":"2020-04-14T11:39:31","date_gmt":"2020-04-14T09:39:31","guid":{"rendered":"https:\/\/fasada.eu\/?p=2547"},"modified":"2022-01-20T10:02:51","modified_gmt":"2022-01-20T09:02:51","slug":"meldung-covid-19","status":"publish","type":"post","link":"https:\/\/fasada.eu\/de\/meldung-covid-19\/","title":{"rendered":"Meldung &#8211; COVID-19"},"content":{"rendered":"<p style=\"text-align: center;\"><span>Sehr geehrte Damen und Herren,<\/span><\/p>\n<p><span><br \/>\nhiermit m\u00f6chten wir Sie informieren, dass wir laufend die Situation , die mit der\u00a0<strong>COVID-19<\/strong>\u00a0beobachten und bereits vor ein paar Wochen die restriktiven Sicherheitsmassnahmen, die durch WHO und andere polnischen Staatinstitutionen empfohlen worden sind, eingef\u00fchrt haben.\u00a0Das Ziel dieser Handlungen ist, sowohl unseren Mitarbeiter als auch unseren Kunden die maximale Sicherheit zu gew\u00e4hren. Die eingef\u00fchrten Mittel und Sicherheitsmassnahmen haben jedoch keinen Einfluss auf unseren Betrieb.\u00a0Wir arbeiten gem\u00e4\u00df dem Produktionsplan, bearbeiten alle Bestellungen fortlaufend und sind bereit f\u00fcr Ihre zuk\u00fcnftigen Bestellungsbed\u00fcrfnisse.<br \/>\nBei Bedarf sind wir auf Schichtarbeit und bei B\u00fcroangestellten auch auf Fernarbeit vorbereitet.<br \/>\nDie Lieferung von Fenstern und T\u00fcren l\u00e4uft wie gewohnt\u00a0und wie \u00fcblich wird es auf der Grundlage unseren eigenen Transporten durchgef\u00fchrt.<\/span><\/p>\n<p>Dank unserer langj\u00e4hriger Finanzpolitik, die auf Bargeld- sowie Vorauszahlungen mit der Kundschaft basiert sowie keine finanziellen Belastungen (z.B. Kredite) zul\u00e4sst, sind wir auf weitere m\u00f6glichen Ma\u00dfnahmen vorbereitet, die mit der sinkenden Konjuktur verbunden sind.<\/p>\n","protected":false},"excerpt":{"rendered":"<p>Sehr geehrte Damen und Herren, hiermit m\u00f6chten wir Sie informieren, dass wir laufend die Situation , die mit der\u00a0COVID-19\u00a0beobachten und bereits vor ein paar Wochen die restriktiven Sicherheitsmassnahmen, die durch WHO und andere polnischen Staatinstitutionen empfohlen worden sind, eingef\u00fchrt haben.\u00a0Das Ziel dieser Handlungen ist, sowohl unseren Mitarbeiter als auch unseren Kunden die maximale Sicherheit zu&#8230;<\/p>\n","protected":false},"author":5,"featured_media":0,"comment_status":"closed","ping_status":"closed","sticky":true,"template":"","format":"standard","meta":{"inline_featured_image":false,"footnotes":""},"categories":[3],"tags":[],"yoast_head":"<!-- This site is optimized with the Yoast SEO plugin v21.3 - https:\/\/yoast.com\/wordpress\/plugins\/seo\/ -->\n<title>Meldung - COVID-19 - Fasada<\/title>\n<meta name=\"robots\" content=\"index, follow, max-snippet:-1, max-image-preview:large, max-video-preview:-1\" \/>\n<link rel=\"canonical\" href=\"https:\/\/fasada.eu\/de\/meldung-covid-19\/\" \/>\n<meta property=\"og:locale\" content=\"de_DE\" \/>\n<meta property=\"og:type\" content=\"article\" \/>\n<meta property=\"og:title\" content=\"Meldung - COVID-19 - Fasada\" \/>\n<meta property=\"og:description\" content=\"Sehr geehrte Damen und Herren, hiermit m\u00f6chten wir Sie informieren, dass wir laufend die Situation , die mit der\u00a0COVID-19\u00a0beobachten und bereits vor ein paar Wochen die restriktiven Sicherheitsmassnahmen, die durch WHO und andere polnischen Staatinstitutionen empfohlen worden sind, eingef\u00fchrt haben.\u00a0Das Ziel dieser Handlungen ist, sowohl unseren Mitarbeiter als auch unseren Kunden die maximale Sicherheit zu...\" \/>\n<meta property=\"og:url\" content=\"https:\/\/fasada.eu\/de\/meldung-covid-19\/\" \/>\n<meta property=\"og:site_name\" content=\"Fasada\" \/>\n<meta property=\"article:published_time\" content=\"2020-04-14T09:39:31+00:00\" \/>\n<meta property=\"article:modified_time\" content=\"2022-01-20T09:02:51+00:00\" \/>\n<meta name=\"author\" content=\"Jakub Pytel\" \/>\n<meta name=\"twitter:card\" content=\"summary_large_image\" \/>\n<meta name=\"twitter:label1\" content=\"Verfasst von\" \/>\n\t<meta name=\"twitter:data1\" content=\"Jakub Pytel\" \/>\n\t<meta name=\"twitter:label2\" content=\"Gesch\u00e4tzte Lesezeit\" \/>\n\t<meta name=\"twitter:data2\" content=\"1\u00a0Minute\" \/>\n<script type=\"application\/ld+json\" class=\"yoast-schema-graph\">{\"@context\":\"https:\/\/schema.org\",\"@graph\":[{\"@type\":\"WebPage\",\"@id\":\"https:\/\/fasada.eu\/de\/meldung-covid-19\/\",\"url\":\"https:\/\/fasada.eu\/de\/meldung-covid-19\/\",\"name\":\"Meldung - COVID-19 - Fasada\",\"isPartOf\":{\"@id\":\"https:\/\/fasada.eu\/en\/#website\"},\"datePublished\":\"2020-04-14T09:39:31+00:00\",\"dateModified\":\"2022-01-20T09:02:51+00:00\",\"author\":{\"@id\":\"https:\/\/fasada.eu\/en\/#\/schema\/person\/710eb8fb816d4755681b87f343027de6\"},\"breadcrumb\":{\"@id\":\"https:\/\/fasada.eu\/de\/meldung-covid-19\/#breadcrumb\"},\"inLanguage\":\"de\",\"potentialAction\":[{\"@type\":\"ReadAction\",\"target\":[\"https:\/\/fasada.eu\/de\/meldung-covid-19\/\"]}]},{\"@type\":\"BreadcrumbList\",\"@id\":\"https:\/\/fasada.eu\/de\/meldung-covid-19\/#breadcrumb\",\"itemListElement\":[{\"@type\":\"ListItem\",\"position\":1,\"name\":\"Home\",\"item\":\"https:\/\/fasada.eu\/de\/\"},{\"@type\":\"ListItem\",\"position\":2,\"name\":\"Meldung &#8211; COVID-19\"}]},{\"@type\":\"WebSite\",\"@id\":\"https:\/\/fasada.eu\/en\/#website\",\"url\":\"https:\/\/fasada.eu\/en\/\",\"name\":\"Fasada\",\"description\":\"wizytowka Fasada Windows&amp;Doors\",\"potentialAction\":[{\"@type\":\"SearchAction\",\"target\":{\"@type\":\"EntryPoint\",\"urlTemplate\":\"https:\/\/fasada.eu\/en\/?s={search_term_string}\"},\"query-input\":\"required name=search_term_string\"}],\"inLanguage\":\"de\"},{\"@type\":\"Person\",\"@id\":\"https:\/\/fasada.eu\/en\/#\/schema\/person\/710eb8fb816d4755681b87f343027de6\",\"name\":\"Jakub Pytel\",\"image\":{\"@type\":\"ImageObject\",\"inLanguage\":\"de\",\"@id\":\"https:\/\/fasada.eu\/en\/#\/schema\/person\/image\/\",\"url\":\"https:\/\/secure.gravatar.com\/avatar\/17df8313a3e876aaf668bb255a87dd4b?s=96&d=mm&r=g\",\"contentUrl\":\"https:\/\/secure.gravatar.com\/avatar\/17df8313a3e876aaf668bb255a87dd4b?s=96&d=mm&r=g\",\"caption\":\"Jakub Pytel\"},\"url\":\"https:\/\/fasada.eu\/de\/author\/fasada_jakub\/\"}]}<\/script>\n<!-- \/ Yoast SEO plugin. -->","yoast_head_json":{"title":"Meldung - COVID-19 - Fasada","robots":{"index":"index","follow":"follow","max-snippet":"max-snippet:-1","max-image-preview":"max-image-preview:large","max-video-preview":"max-video-preview:-1"},"canonical":"https:\/\/fasada.eu\/de\/meldung-covid-19\/","og_locale":"de_DE","og_type":"article","og_title":"Meldung - COVID-19 - Fasada","og_description":"Sehr geehrte Damen und Herren, hiermit m\u00f6chten wir Sie informieren, dass wir laufend die Situation , die mit der\u00a0COVID-19\u00a0beobachten und bereits vor ein paar Wochen die restriktiven Sicherheitsmassnahmen, die durch WHO und andere polnischen Staatinstitutionen empfohlen worden sind, eingef\u00fchrt haben.\u00a0Das Ziel dieser Handlungen ist, sowohl unseren Mitarbeiter als auch unseren Kunden die maximale Sicherheit zu...","og_url":"https:\/\/fasada.eu\/de\/meldung-covid-19\/","og_site_name":"Fasada","article_published_time":"2020-04-14T09:39:31+00:00","article_modified_time":"2022-01-20T09:02:51+00:00","author":"Jakub Pytel","twitter_card":"summary_large_image","twitter_misc":{"Verfasst von":"Jakub Pytel","Gesch\u00e4tzte Lesezeit":"1\u00a0Minute"},"schema":{"@context":"https:\/\/schema.org","@graph":[{"@type":"WebPage","@id":"https:\/\/fasada.eu\/de\/meldung-covid-19\/","url":"https:\/\/fasada.eu\/de\/meldung-covid-19\/","name":"Meldung - COVID-19 - Fasada","isPartOf":{"@id":"https:\/\/fasada.eu\/en\/#website"},"datePublished":"2020-04-14T09:39:31+00:00","dateModified":"2022-01-20T09:02:51+00:00","author":{"@id":"https:\/\/fasada.eu\/en\/#\/schema\/person\/710eb8fb816d4755681b87f343027de6"},"breadcrumb":{"@id":"https:\/\/fasada.eu\/de\/meldung-covid-19\/#breadcrumb"},"inLanguage":"de","potentialAction":[{"@type":"ReadAction","target":["https:\/\/fasada.eu\/de\/meldung-covid-19\/"]}]},{"@type":"BreadcrumbList","@id":"https:\/\/fasada.eu\/de\/meldung-covid-19\/#breadcrumb","itemListElement":[{"@type":"ListItem","position":1,"name":"Home","item":"https:\/\/fasada.eu\/de\/"},{"@type":"ListItem","position":2,"name":"Meldung &#8211; COVID-19"}]},{"@type":"WebSite","@id":"https:\/\/fasada.eu\/en\/#website","url":"https:\/\/fasada.eu\/en\/","name":"Fasada","description":"wizytowka Fasada Windows&amp;Doors","potentialAction":[{"@type":"SearchAction","target":{"@type":"EntryPoint","urlTemplate":"https:\/\/fasada.eu\/en\/?s={search_term_string}"},"query-input":"required name=search_term_string"}],"inLanguage":"de"},{"@type":"Person","@id":"https:\/\/fasada.eu\/en\/#\/schema\/person\/710eb8fb816d4755681b87f343027de6","name":"Jakub Pytel","image":{"@type":"ImageObject","inLanguage":"de","@id":"https:\/\/fasada.eu\/en\/#\/schema\/person\/image\/","url":"https:\/\/secure.gravatar.com\/avatar\/17df8313a3e876aaf668bb255a87dd4b?s=96&d=mm&r=g","contentUrl":"https:\/\/secure.gravatar.com\/avatar\/17df8313a3e876aaf668bb255a87dd4b?s=96&d=mm&r=g","caption":"Jakub Pytel"},"url":"https:\/\/fasada.eu\/de\/author\/fasada_jakub\/"}]}},"_links":{"self":[{"href":"https:\/\/fasada.eu\/de\/wp-json\/wp\/v2\/posts\/2547"}],"collection":[{"href":"https:\/\/fasada.eu\/de\/wp-json\/wp\/v2\/posts"}],"about":[{"href":"https:\/\/fasada.eu\/de\/wp-json\/wp\/v2\/types\/post"}],"author":[{"embeddable":true,"href":"https:\/\/fasada.eu\/de\/wp-json\/wp\/v2\/users\/5"}],"replies":[{"embeddable":true,"href":"https:\/\/fasada.eu\/de\/wp-json\/wp\/v2\/comments?post=2547"}],"version-history":[{"count":2,"href":"https:\/\/fasada.eu\/de\/wp-json\/wp\/v2\/posts\/2547\/revisions"}],"predecessor-version":[{"id":2549,"href":"https:\/\/fasada.eu\/de\/wp-json\/wp\/v2\/posts\/2547\/revisions\/2549"}],"wp:attachment":[{"href":"https:\/\/fasada.eu\/de\/wp-json\/wp\/v2\/media?parent=2547"}],"wp:term":[{"taxonomy":"category","embeddable":true,"href":"https:\/\/fasada.eu\/de\/wp-json\/wp\/v2\/categories?post=2547"},{"taxonomy":"post_tag","embeddable":true,"href":"https:\/\/fasada.eu\/de\/wp-json\/wp\/v2\/tags?post=2547"}],"curies":[{"name":"wp","href":"https:\/\/api.w.org\/{rel}","templated":true}]}}